{"id":798,"date":"2016-12-09T20:13:37","date_gmt":"2016-12-10T01:13:37","guid":{"rendered":"http:\/\/www.cucolosio.edu.mx\/?p=798"},"modified":"2016-12-09T20:13:37","modified_gmt":"2016-12-10T01:13:37","slug":"orse","status":"publish","type":"post","link":"https:\/\/www.cucolosio.edu.mx\/blog\/orse\/","title":{"rendered":"ORSE"},"content":{"rendered":"<p><a href=\"http:\/\/www.cucolosio.edu.mx\/blog\/wp-content\/uploads\/2016\/12\/orse-2017-ok.jpg\"><img decoding=\"async\" loading=\"lazy\" src=\"http:\/\/www.cucolosio.edu.mx\/blog\/wp-content\/uploads\/2016\/12\/orse-2017-ok-340x440.jpg\" alt=\"\" width=\"340\" height=\"440\" class=\"alignleft size-medium wp-image-909\" \/><\/a>La licenciatura en Orientaci\u00f3n Social y Educativa es el resultado de la uni\u00f3n de 4 diferentes ramas de la ciencia como son la pedagog\u00eda, la psicolog\u00eda, sociolog\u00eda y las ciencias de la comunicaci\u00f3n dando como resultado la creaci\u00f3n de \u00e9sta, los que ingresan a esta licenciatura adquieren la preparaci\u00f3n para enfrentarse a los diferentes retos que se les presenten, ya que al usar sus herramientas vistas en los programas de estudio obtienen la capacidad de resolver situaciones comunitarias aportando soluciones a sus conflictos y necesidades. Tambi\u00e9n como intermediario para mejorar la situaci\u00f3n de las personas con capacidades diferentes y de la tercera edad y a nivel hospitalarios como interventores entre los pacientes y el personal administrativo.<\/p>\n<p>Los egresados de ORSE pueden intervenir en la selecci\u00f3n de personal apropiado a las necesidades de instancias de gobierno o de la iniciativa privada para el mejor desempe\u00f1o de sus labores y el \u00e9xito de \u00e9stas, como orientador educativo promoviendo la uni\u00f3n y la mejor distribuci\u00f3n del personal en los diferentes ciclos escolares as\u00ed como orientando a los alumnos a elegir su licenciatura adecuada en base a sus habilidades evitando as\u00ed la deserci\u00f3n escolar.<\/p>\n<div class=\"symple-accordion \"><h3 class=\"symple-accordion-trigger \"><a href=\"#\">Plan de Estudios<\/a><\/h3><div class=\"symple-clearfix\">\n<div id=\"symple-tab-4622\" class=\"symple-tabs\"><ul class=\"ui-tabs-nav symple-clearfix\"><li><a href=\"#symple-tab-semestre-1\">Semestre\u00a01<\/a><\/li><li><a href=\"#symple-tab-semestre-2\">Semestre\u00a02<\/a><\/li><li><a href=\"#symple-tab-semestre-3\">Semestre\u00a03<\/a><\/li><li><a href=\"#symple-tab-semestre-4\">Semestre 4<\/a><\/li><li><a href=\"#symple-tab-semestre-5\">Semestre 5<\/a><\/li><li><a href=\"#symple-tab-semestre-6\">Semestre 6<\/a><\/li><li><a href=\"#symple-tab-semestre-7\">Semestre 7<\/a><\/li><li><a href=\"#symple-tab-semestre-8\">Semestre 8<\/a><\/li><\/ul>\n<div id=\"symple-tab-semestre-1\" class=\"tab-content symple-clearfix \"> Antropolog\u00eda Social.<br \/>\nDesarrollo Psicol\u00f3gico.<br \/>\nHistoria de la Pedagog\u00eda.<br \/>\nInform\u00e1tica I.<br \/>\nIngles I.<br \/>\nIntroducci\u00f3n a la Orientaci\u00f3n Social y Educativa. <\/div>\n<div id=\"symple-tab-semestre-2\" class=\"tab-content symple-clearfix \">\u00a0Desarrollo, Aprendizaje y Educaci\u00f3n.<br \/>\nD\u00ednamica Social.<br \/>\nGram\u00e1tica y Ortograf\u00eda.<br \/>\nInformatica II.<br \/>\nIngl\u00e9s II.<br \/>\nPsicolog\u00eda Grupal. <\/div>\n<div id=\"symple-tab-semestre-3\" class=\"tab-content symple-clearfix \"> Factores determinantes de la personalidad.<br \/>\nFilosof\u00eda Educativa I.<br \/>\nFundamentos Socioculturales de la familia.<br \/>\nInform\u00e1tica III.<br \/>\nIngles III.<br \/>\nModelos Educativos. <\/div>\n<div id=\"symple-tab-semestre-4\" class=\"tab-content symple-clearfix \"> Adicciones y Familia.<br \/>\nFilosof\u00eda Educativa II.<br \/>\nInform\u00e1tica IV.<br \/>\nIngles IV.<br \/>\nOrientaci\u00f3n Familiar.<br \/>\nSociolog\u00eda de la Educaci\u00f3n.\u00a0<\/div>\n<div id=\"symple-tab-semestre-5\" class=\"tab-content symple-clearfix \">Dise\u00f1o Curricular I.<br \/>\nT\u00e9cnicas y Modelos de Calidad.<br \/>\nIntroducci\u00f3n al Pensamiento Cr\u00edtico y Creativo.<br \/>\nLa Comunicaci\u00f3n como Proceso social.<br \/>\nMarco \u00c9tico Jur\u00eddico de Orientaci\u00f3n Social y Educativa.<br \/>\nSociedad y Derechos Humanos. <\/div>\n<div id=\"symple-tab-semestre-6\" class=\"tab-content symple-clearfix \"> Derecho Laboral.<br \/>\nDise\u00f1o Curricular II.<br \/>\nFundamentos de Administraci\u00f3n y Organizaci\u00f3n.<br \/>\nMetodolog\u00eda y T\u00e9cnicas de la Investigaci\u00f3n.<br \/>\nProductividad y Pol\u00edtica de Empleo.<br \/>\nPsicolog\u00eda de la Asertividad.\u00a0<\/div>\n<div id=\"symple-tab-semestre-7\" class=\"tab-content symple-clearfix \"> Derecho Penal.<br \/>\nGesti\u00f3n de Desarrollo Social.<br \/>\nSeminario de Human\u00edstica.<br \/>\nSeminario de Tesis I.<br \/>\nTaller de T\u00e9cnicas Audiovisuales.<br \/>\nT\u00e9cnicas de evaluaci\u00f3n I.<br \/>\nEstrategias de Ense\u00f1anza y Aprendizaje I\u00a0<\/div>\n<div id=\"symple-tab-semestre-8\" class=\"tab-content symple-clearfix \"> Desarrollo Sustentable<br \/>\nNuevas Tecnolog\u00edas en Orientaci\u00f3n Social y Educativa<br \/>\nOrientaci\u00f3n Vocacional y Profesional<br \/>\nSeminario de Tesis II<br \/>\nT\u00e9cnicas de evaluaci\u00f3n II.<br \/>\nEstrategias de Ense\u00f1anza y Aprendizaje II <\/div>\n<p>&nbsp;<\/p>\n<\/div>\n<\/div><h3 class=\"symple-accordion-trigger \"><a href=\"#\">Perfil de Egreso<\/a><\/h3><div class=\"symple-clearfix\"> El egresado de ORSE adquiere las herramientas necesarias para ser un consultor y l\u00edder de cambio en el campo laboral y educativo proponiendo las soluciones necesarias dentro de la corriente cient\u00edfica de la investigaci\u00f3n-acci\u00f3n as\u00ed como investigador en busca de resultados pr\u00e1cticos para la vida acad\u00e9mica y sus respectivos contextos socio-comunitarios.<\/div>\n<h3 class=\"symple-accordion-trigger \"><a href=\"#\">Campo Laboral<\/a><\/h3><div class=\"symple-clearfix\">\n<ul>\n<li>Coordinador de la planificaci\u00f3n y el desarrollo de las actividades de orientaci\u00f3n acad\u00e9mica y profesional en Instituciones P\u00fablicas y Privadas.<\/li>\n<li>Como profesor de la especialidad de Psicolog\u00eda y Pedagog\u00eda en cualquier instituci\u00f3n educativa de nivel Preescolar, Primaria, Secundaria, Bachiller y Universitario.<\/li>\n<li>Asesor de la Comisi\u00f3n de Coordinaci\u00f3n pedag\u00f3gica, proporcionando criterios psicopedag\u00f3gicos y de atenci\u00f3n de la diversidad en los elementos constructivos de los proyectos curriculares.<\/li>\n<li>Consejero en la prevenci\u00f3n y detecci\u00f3n de problemas de aprendizaje.<\/li>\n<li>Evaluador, en conjunto con los profesores de aquellos alumnos que precisen la adopci\u00f3n de medidas educativas espec\u00edficas realizando el informe psicopedag\u00f3gico.<\/li>\n<li>Tutor en la planificaci\u00f3n y el desarrollo de las adaptaciones curriculares dirigidas a las instituciones educativas.<\/li>\n<li>Creador de los programas de diversificaci\u00f3n curricular y asesoramiento del equipo en diversos grupos sociales.<\/li>\n<li>Asesorar y orientar a profesores, padres, tutores y otros para-profesionales de las actividades formativas y educativas.<\/li>\n<li>Especialista en recursos comunitarios, a fin de facilitar el enlace entre las necesidades individuales y sociales de las diferentes organizaciones.<\/li>\n<li>Consultor, mediador y agente promotor de la innovaci\u00f3n y el cambio adaptado a las caracter\u00edsticas multiculturales de cada escuela, empresa o instituci\u00f3n.<\/li>\n<\/ul>\n<\/div>\n<h3 class=\"symple-accordion-trigger \"><a href=\"#\">Objetivo del ORSE<\/a><\/h3><div class=\"symple-clearfix\">\n<p>Ser un agente formador de protagonistas sociales; por lo tanto, deber\u00e1 planificar y desarrollar programas ajustados a las exigencias educativas comunitarias en b\u00fasqueda de una educaci\u00f3n emprendedora.<\/p>\n<p>CAPACIDADES O APTITUDES<br \/>\nAtenci\u00f3n a las demandas sociales<br \/>\nHabilidad para motivar<br \/>\nAportaci\u00f3n constructiva para solucionar problemas<br \/>\nMadurez emocional<br \/>\nCapacidad de Di\u00e1logo<br \/>\nCapacidad para resolver conflictos<br \/>\nSeguridad<br \/>\nApoyo<br \/>\nConfianza en los dem\u00e1s<br \/>\nDemocracia<br \/>\nEficacia<br \/>\nActualizaci\u00f3n Constante<\/p>\n<p>CONOCIMIENTOS DEL ORIENTADOR SOCIAL Y EDUCATIVO<\/p>\n<p>Teor\u00edas de la Orientaci\u00f3n<br \/>\nEstructuras y sistemas de Orientaci\u00f3n<br \/>\nCompetencias de Relaci\u00f3n Interpersonal<br \/>\nPsicolog\u00eda Evolutiva<br \/>\nPsicolog\u00eda Diferencial<br \/>\nPsicolog\u00eda Vocacional<br \/>\nPsicolog\u00eda Social<br \/>\nToma de decisiones<br \/>\nTeor\u00edas de la Educaci\u00f3n y sistemas de formaci\u00f3n.<br \/>\nLegislaci\u00f3n Educativa<br \/>\nProcesos de Ense\u00f1anza-Aprendizaje<br \/>\nDise\u00f1os Curriculares<br \/>\nFactores que influyen en el rendimiento acad\u00e9mico<\/p>\n<\/div>\n<p>&nbsp;<\/p>\n<\/div>\n\n","protected":false},"excerpt":{"rendered":"<p>La licenciatura en Orientaci\u00f3n Social y Educativa es el resultado de la uni\u00f3n de 4 diferentes ramas de la ciencia como son la pedagog\u00eda, la psicolog\u00eda, sociolog\u00eda y las ciencias de la comunicaci\u00f3n dando como resultado la creaci\u00f3n de \u00e9sta, los que ingresan a esta licenciatura adquieren la preparaci\u00f3n para enfrentarse a los diferentes retos [&hellip;]<\/p>\n","protected":false},"author":1,"featured_media":934,"comment_status":"closed","ping_status":"closed","sticky":false,"template":"","format":"standard","meta":{"_coblocks_attr":"","_coblocks_dimensions":"","_coblocks_responsive_height":"","_coblocks_accordion_ie_support":""},"categories":[4],"tags":[],"_links":{"self":[{"href":"https:\/\/www.cucolosio.edu.mx\/blog\/wp-json\/wp\/v2\/posts\/798"}],"collection":[{"href":"https:\/\/www.cucolosio.edu.mx\/blog\/wp-json\/wp\/v2\/posts"}],"about":[{"href":"https:\/\/www.cucolosio.edu.mx\/blog\/wp-json\/wp\/v2\/types\/post"}],"author":[{"embeddable":true,"href":"https:\/\/www.cucolosio.edu.mx\/blog\/wp-json\/wp\/v2\/users\/1"}],"replies":[{"embeddable":true,"href":"https:\/\/www.cucolosio.edu.mx\/blog\/wp-json\/wp\/v2\/comments?post=798"}],"version-history":[{"count":1,"href":"https:\/\/www.cucolosio.edu.mx\/blog\/wp-json\/wp\/v2\/posts\/798\/revisions"}],"predecessor-version":[{"id":1627,"href":"https:\/\/www.cucolosio.edu.mx\/blog\/wp-json\/wp\/v2\/posts\/798\/revisions\/1627"}],"wp:featuredmedia":[{"embeddable":true,"href":"https:\/\/www.cucolosio.edu.mx\/blog\/wp-json\/"}],"wp:attachment":[{"href":"https:\/\/www.cucolosio.edu.mx\/blog\/wp-json\/wp\/v2\/media?parent=798"}],"wp:term":[{"taxonomy":"category","embeddable":true,"href":"https:\/\/www.cucolosio.edu.mx\/blog\/wp-json\/wp\/v2\/categories?post=798"},{"taxonomy":"post_tag","embeddable":true,"href":"https:\/\/www.cucolosio.edu.mx\/blog\/wp-json\/wp\/v2\/tags?post=798"}],"curies":[{"name":"wp","href":"https:\/\/api.w.org\/{rel}","templated":true}]}}