{"id":379,"date":"2016-09-09T18:50:55","date_gmt":"2016-09-09T23:50:55","guid":{"rendered":"http:\/\/www.cucolosio.edu.mx\/?p=379"},"modified":"2016-09-09T18:50:55","modified_gmt":"2016-09-09T23:50:55","slug":"integracion-a-las-bases-del-proyecto-integrador","status":"publish","type":"post","link":"https:\/\/www.cucolosio.edu.mx\/blog\/integracion-a-las-bases-del-proyecto-integrador\/","title":{"rendered":"Integraci\u00f3n a las bases del proyecto integrador"},"content":{"rendered":"<figure id=\"attachment_380\" aria-describedby=\"caption-attachment-380\" style=\"width: 1000px\" class=\"wp-caption aligncenter\"><a href=\"http:\/\/www.cucolosio.edu.mx\/blog\/wp-content\/uploads\/2016\/09\/DSC03804.jpg\"><img decoding=\"async\" loading=\"lazy\" src=\"http:\/\/www.cucolosio.edu.mx\/blog\/wp-content\/uploads\/2016\/09\/DSC03804-1038x779.jpg\" alt=\"FotoPex.com\" width=\"1000\" height=\"750\" class=\"size-large wp-image-380\" \/><\/a><figcaption id=\"caption-attachment-380\" class=\"wp-caption-text\">CuColosio.edu.mx<\/figcaption><\/figure>\nIntegraci\u00f3n a las bases del proyecto integrador<br \/>\nlos alumnos de las licenciaturas de Mercadotecnia y Contadur\u00eda P\u00fablica<br \/>\nPresididas por la Lic. Ma. de los \u00c1ngeles Abascal Velasco, as\u00ed como el presidente y secretario de las academias.<br \/>\n<div id='gallery-1' class='gallery galleryid-379 gallery-columns-3 gallery-size-medium'><figure class='gallery-item'>\n\t\t\t<div class='gallery-icon landscape'>\n\t\t\t\t<a href='https:\/\/www.cucolosio.edu.mx\/blog\/wp-content\/uploads\/2016\/09\/DSC03809.jpg'><img width=\"300\" height=\"225\" src=\"https:\/\/www.cucolosio.edu.mx\/blog\/wp-content\/uploads\/2016\/09\/DSC03809-300x225.jpg\" class=\"attachment-medium size-medium\" alt=\"\" decoding=\"async\" loading=\"lazy\" srcset=\"https:\/\/www.cucolosio.edu.mx\/blog\/wp-content\/uploads\/2016\/09\/DSC03809-300x225.jpg 300w, https:\/\/www.cucolosio.edu.mx\/blog\/wp-content\/uploads\/2016\/09\/DSC03809-1024x768.jpg 1024w, https:\/\/www.cucolosio.edu.mx\/blog\/wp-content\/uploads\/2016\/09\/DSC03809-768x576.jpg 768w, https:\/\/www.cucolosio.edu.mx\/blog\/wp-content\/uploads\/2016\/09\/DSC03809.jpg 1060w\" sizes=\"(max-width: 300px) 100vw, 300px\" \/><\/a>\n\t\t\t<\/div><\/figure><figure class='gallery-item'>\n\t\t\t<div class='gallery-icon landscape'>\n\t\t\t\t<a href='https:\/\/www.cucolosio.edu.mx\/blog\/wp-content\/uploads\/2016\/09\/DSC03807.jpg'><img width=\"300\" height=\"225\" src=\"https:\/\/www.cucolosio.edu.mx\/blog\/wp-content\/uploads\/2016\/09\/DSC03807-300x225.jpg\" class=\"attachment-medium size-medium\" alt=\"\" decoding=\"async\" loading=\"lazy\" srcset=\"https:\/\/www.cucolosio.edu.mx\/blog\/wp-content\/uploads\/2016\/09\/DSC03807-300x225.jpg 300w, https:\/\/www.cucolosio.edu.mx\/blog\/wp-content\/uploads\/2016\/09\/DSC03807-1024x768.jpg 1024w, https:\/\/www.cucolosio.edu.mx\/blog\/wp-content\/uploads\/2016\/09\/DSC03807-768x576.jpg 768w, https:\/\/www.cucolosio.edu.mx\/blog\/wp-content\/uploads\/2016\/09\/DSC03807.jpg 1060w\" sizes=\"(max-width: 300px) 100vw, 300px\" \/><\/a>\n\t\t\t<\/div><\/figure><figure class='gallery-item'>\n\t\t\t<div class='gallery-icon landscape'>\n\t\t\t\t<a href='https:\/\/www.cucolosio.edu.mx\/blog\/wp-content\/uploads\/2016\/09\/DSC03806.jpg'><img width=\"300\" height=\"225\" src=\"https:\/\/www.cucolosio.edu.mx\/blog\/wp-content\/uploads\/2016\/09\/DSC03806-300x225.jpg\" class=\"attachment-medium size-medium\" alt=\"\" decoding=\"async\" loading=\"lazy\" srcset=\"https:\/\/www.cucolosio.edu.mx\/blog\/wp-content\/uploads\/2016\/09\/DSC03806-300x225.jpg 300w, https:\/\/www.cucolosio.edu.mx\/blog\/wp-content\/uploads\/2016\/09\/DSC03806-1024x768.jpg 1024w, https:\/\/www.cucolosio.edu.mx\/blog\/wp-content\/uploads\/2016\/09\/DSC03806-768x576.jpg 768w, https:\/\/www.cucolosio.edu.mx\/blog\/wp-content\/uploads\/2016\/09\/DSC03806.jpg 1060w\" sizes=\"(max-width: 300px) 100vw, 300px\" \/><\/a>\n\t\t\t<\/div><\/figure>\n\t\t<\/div>\n\n","protected":false},"excerpt":{"rendered":"<p>Integraci\u00f3n a las bases del proyecto integrador los alumnos de las licenciaturas de Mercadotecnia y Contadur\u00eda P\u00fablica Presididas por la Lic. Ma. de los \u00c1ngeles Abascal Velasco, as\u00ed como el presidente y secretario de las academias.<\/p>\n","protected":false},"author":1,"featured_media":380,"comment_status":"closed","ping_status":"closed","sticky":false,"template":"","format":"standard","meta":{"_coblocks_attr":"","_coblocks_dimensions":"","_coblocks_responsive_height":"","_coblocks_accordion_ie_support":""},"categories":[7],"tags":[],"_links":{"self":[{"href":"https:\/\/www.cucolosio.edu.mx\/blog\/wp-json\/wp\/v2\/posts\/379"}],"collection":[{"href":"https:\/\/www.cucolosio.edu.mx\/blog\/wp-json\/wp\/v2\/posts"}],"about":[{"href":"https:\/\/www.cucolosio.edu.mx\/blog\/wp-json\/wp\/v2\/types\/post"}],"author":[{"embeddable":true,"href":"https:\/\/www.cucolosio.edu.mx\/blog\/wp-json\/wp\/v2\/users\/1"}],"replies":[{"embeddable":true,"href":"https:\/\/www.cucolosio.edu.mx\/blog\/wp-json\/wp\/v2\/comments?post=379"}],"version-history":[{"count":0,"href":"https:\/\/www.cucolosio.edu.mx\/blog\/wp-json\/wp\/v2\/posts\/379\/revisions"}],"wp:featuredmedia":[{"embeddable":true,"href":"https:\/\/www.cucolosio.edu.mx\/blog\/wp-json\/wp\/v2\/media\/380"}],"wp:attachment":[{"href":"https:\/\/www.cucolosio.edu.mx\/blog\/wp-json\/wp\/v2\/media?parent=379"}],"wp:term":[{"taxonomy":"category","embeddable":true,"href":"https:\/\/www.cucolosio.edu.mx\/blog\/wp-json\/wp\/v2\/categories?post=379"},{"taxonomy":"post_tag","embeddable":true,"href":"https:\/\/www.cucolosio.edu.mx\/blog\/wp-json\/wp\/v2\/tags?post=379"}],"curies":[{"name":"wp","href":"https:\/\/api.w.org\/{rel}","templated":true}]}}