{"id":330,"date":"2014-02-19T12:18:28","date_gmt":"2014-02-19T17:18:28","guid":{"rendered":"http:\/\/www.cucolosio.edu.mx\/?p=330"},"modified":"2014-02-19T12:18:28","modified_gmt":"2014-02-19T17:18:28","slug":"lic-yareni-santiago-velazco","status":"publish","type":"post","link":"https:\/\/www.cucolosio.edu.mx\/blog\/lic-yareni-santiago-velazco\/","title":{"rendered":"Lic. Yareni Santiago Velazco"},"content":{"rendered":"<p><a href=\"http:\/\/www.cucolosio.edu.mx\/blog\/wp-content\/uploads\/2016\/09\/yareni.jpg\"><img decoding=\"async\" loading=\"lazy\" src=\"http:\/\/www.cucolosio.edu.mx\/blog\/wp-content\/uploads\/2016\/09\/yareni-340x453.jpg\" alt=\"yareni\" width=\"340\" height=\"453\" class=\"alignleft size-medium wp-image-331\" \/><\/a> El CULDCM felicita en esta nueva etapa de su vida laboral a la\u00a0Licenciada en Orientaci\u00f3n Social y Educativa\u00a0Yareni Santiago Velazco.<\/p>\n<p>FELICIDADES!!<\/p>\n<p>Enero 2013- Capacitadora de cursos talleres de desarrollo humano. Unidad de capacitaci\u00f3n de personal de apoyo a la ense\u00f1anza del Instituto Estatal de Educaci\u00f3n P\u00fablica de Oaxaca (IEEPO).<\/p>\n","protected":false},"excerpt":{"rendered":"<p>El CULDCM felicita en esta nueva etapa de su vida laboral a la\u00a0Licenciada en Orientaci\u00f3n Social y Educativa\u00a0Yareni Santiago Velazco. FELICIDADES!! Enero 2013- Capacitadora de cursos talleres de desarrollo humano. Unidad de capacitaci\u00f3n de personal de apoyo a la ense\u00f1anza del Instituto Estatal de Educaci\u00f3n P\u00fablica de Oaxaca (IEEPO).<\/p>\n","protected":false},"author":1,"featured_media":331,"comment_status":"closed","ping_status":"closed","sticky":false,"template":"","format":"standard","meta":{"_coblocks_attr":"","_coblocks_dimensions":"","_coblocks_responsive_height":"","_coblocks_accordion_ie_support":""},"categories":[8],"tags":[9,22],"_links":{"self":[{"href":"https:\/\/www.cucolosio.edu.mx\/blog\/wp-json\/wp\/v2\/posts\/330"}],"collection":[{"href":"https:\/\/www.cucolosio.edu.mx\/blog\/wp-json\/wp\/v2\/posts"}],"about":[{"href":"https:\/\/www.cucolosio.edu.mx\/blog\/wp-json\/wp\/v2\/types\/post"}],"author":[{"embeddable":true,"href":"https:\/\/www.cucolosio.edu.mx\/blog\/wp-json\/wp\/v2\/users\/1"}],"replies":[{"embeddable":true,"href":"https:\/\/www.cucolosio.edu.mx\/blog\/wp-json\/wp\/v2\/comments?post=330"}],"version-history":[{"count":0,"href":"https:\/\/www.cucolosio.edu.mx\/blog\/wp-json\/wp\/v2\/posts\/330\/revisions"}],"wp:featuredmedia":[{"embeddable":true,"href":"https:\/\/www.cucolosio.edu.mx\/blog\/wp-json\/wp\/v2\/media\/331"}],"wp:attachment":[{"href":"https:\/\/www.cucolosio.edu.mx\/blog\/wp-json\/wp\/v2\/media?parent=330"}],"wp:term":[{"taxonomy":"category","embeddable":true,"href":"https:\/\/www.cucolosio.edu.mx\/blog\/wp-json\/wp\/v2\/categories?post=330"},{"taxonomy":"post_tag","embeddable":true,"href":"https:\/\/www.cucolosio.edu.mx\/blog\/wp-json\/wp\/v2\/tags?post=330"}],"curies":[{"name":"wp","href":"https:\/\/api.w.org\/{rel}","templated":true}]}}