{"id":1547,"date":"2019-05-27T13:08:53","date_gmt":"2019-05-27T18:08:53","guid":{"rendered":"http:\/\/www.cucolosio.edu.mx\/?p=1547"},"modified":"2019-05-27T13:08:53","modified_gmt":"2019-05-27T18:08:53","slug":"dia-del-orientador-2019","status":"publish","type":"post","link":"https:\/\/www.cucolosio.edu.mx\/blog\/dia-del-orientador-2019\/","title":{"rendered":"D\u00eda del Orientador 2019"},"content":{"rendered":"<p>El Centro Universitario Luis Donaldo Colosio Murrieta celebra el d\u00eda del Orientador y felicita a los Profesionales que cotidianamente trabajan por la educaci\u00f3n, la salud y la paz social. El 11 de mayo fue declarado en toda Am\u00e9rica Latina como el D\u00eda del Orientador y en nuestro centro de estudios el 26 de mayo, el cual es pionero por contar con la licenciatura en Orientaci\u00f3n Social y Educativa para la formaci\u00f3n de orientadores.<br \/>\nLa Orientaci\u00f3n es un proceso continuo, sistem\u00e1tico, interdisciplinario y de intervenci\u00f3n planificada enfocada a la prevenci\u00f3n de problem\u00e1ticas y en la atenci\u00f3n para la diversidad de las personas que en alguna etapa de su vida pasan por situaciones-relaciones t\u00f3xicas y conflictivas.<br \/>\nEn la actualidad se hace \u00e9nfasis en promover mayor inclusi\u00f3n de este servicio y se plantean nuevas metas en relaci\u00f3n a las necesidades sociales para facilitar el acceso a programas de orientaci\u00f3n profesional.<\/p>\n<p>#YoSoyColosio #OrgullosamenteColosio #DiaDelOrientador<\/p>\n\n<p><iframe loading=\"lazy\" src=\"https:\/\/www.facebook.com\/plugins\/video.php?href=https%3A%2F%2Fwww.facebook.com%2FCuColosio%2Fvideos%2F594276027744466%2F&#038;show_text=0&#038;width=560\" width=\"560\" height=\"308\" style=\"border:none;overflow:hidden\" scrolling=\"no\" frameborder=\"0\" allowTransparency=\"true\" allowFullScreen=\"true\"><\/iframe><\/p>\n","protected":false},"excerpt":{"rendered":"<p>El Centro Universitario Luis Donaldo Colosio Murrieta celebra el d\u00eda del Orientador y felicita a los Profesionales que cotidianamente trabajan por la educaci\u00f3n, la salud y la paz social. El 11 de mayo fue declarado en toda Am\u00e9rica Latina como el D\u00eda del Orientador y en nuestro centro de estudios el 26 de mayo, el [&hellip;]<\/p>\n","protected":false},"author":1,"featured_media":1549,"comment_status":"closed","ping_status":"closed","sticky":false,"template":"","format":"standard","meta":{"_coblocks_attr":"","_coblocks_dimensions":"","_coblocks_responsive_height":"","_coblocks_accordion_ie_support":""},"categories":[7],"tags":[13,20,22],"_links":{"self":[{"href":"https:\/\/www.cucolosio.edu.mx\/blog\/wp-json\/wp\/v2\/posts\/1547"}],"collection":[{"href":"https:\/\/www.cucolosio.edu.mx\/blog\/wp-json\/wp\/v2\/posts"}],"about":[{"href":"https:\/\/www.cucolosio.edu.mx\/blog\/wp-json\/wp\/v2\/types\/post"}],"author":[{"embeddable":true,"href":"https:\/\/www.cucolosio.edu.mx\/blog\/wp-json\/wp\/v2\/users\/1"}],"replies":[{"embeddable":true,"href":"https:\/\/www.cucolosio.edu.mx\/blog\/wp-json\/wp\/v2\/comments?post=1547"}],"version-history":[{"count":0,"href":"https:\/\/www.cucolosio.edu.mx\/blog\/wp-json\/wp\/v2\/posts\/1547\/revisions"}],"wp:featuredmedia":[{"embeddable":true,"href":"https:\/\/www.cucolosio.edu.mx\/blog\/wp-json\/wp\/v2\/menu-items\/1549"}],"wp:attachment":[{"href":"https:\/\/www.cucolosio.edu.mx\/blog\/wp-json\/wp\/v2\/media?parent=1547"}],"wp:term":[{"taxonomy":"category","embeddable":true,"href":"https:\/\/www.cucolosio.edu.mx\/blog\/wp-json\/wp\/v2\/categories?post=1547"},{"taxonomy":"post_tag","embeddable":true,"href":"https:\/\/www.cucolosio.edu.mx\/blog\/wp-json\/wp\/v2\/tags?post=1547"}],"curies":[{"name":"wp","href":"https:\/\/api.w.org\/{rel}","templated":true}]}}