{"id":1291,"date":"2018-01-24T10:57:10","date_gmt":"2018-01-24T15:57:10","guid":{"rendered":"http:\/\/www.cucolosio.edu.mx\/?p=1291"},"modified":"2018-01-24T10:57:10","modified_gmt":"2018-01-24T15:57:10","slug":"la-resiliencia-en-las-personas-con-discapacidad","status":"publish","type":"post","link":"https:\/\/www.cucolosio.edu.mx\/blog\/la-resiliencia-en-las-personas-con-discapacidad\/","title":{"rendered":"La Resiliencia en las Personas con Discapacidad"},"content":{"rendered":"<p>03 de diciembre del 2017<\/p>\n<p>&nbsp;<\/p>\n<p>Heroica ciudad de Huajuapan de Le\u00f3n, Oaxaca.- En el marco del d\u00eda internacional de las personas con discapacidad, en el auditorio de la casa de la cultura de Huajuapan de Le\u00f3n, fue presentada la conferencia denominada \u00ab<strong>La Resiliencia en las Personas con Discapacidad<\/strong>\u00ab, por el doctor Ren\u00e9 Gonz\u00e1lez Puerto.<\/p>\n<p>Alumnas de la licenciatura en \u00ab<strong>Orientaci\u00f3n Social y Educativa<\/strong>\u00ab, de esta casa de estudios asistieron para enriquecer sus conocimientos en materia educativa para la inclusi\u00f3n social de los grupos vulnerables; por mencionar a las personas con alguna discapacidad.<\/p>\n<p>Cabe mencionar que el <strong>Centro Universitario Luis Donaldo Colosio Murrieta<\/strong> es una instituci\u00f3n que se ha encargado desde siempre de <strong>ofrecer sus servicios a personas con alguna discapacidad<\/strong>; desde\u00a0 instalaciones adecuadas para un buen desplazamiento, hasta ponencias y talleres de ayuda, involucrando tambi\u00e9n a personas que conviven con ellas, siempre buscando un alto grado de sensibilidad en la sociedad para brindarles un <strong>trato m\u00e1s humano y digno<\/strong>.<\/p>\n<p>#YoSoyColosio<\/p>\n\n","protected":false},"excerpt":{"rendered":"<p>03 de diciembre del 2017 &nbsp; Heroica ciudad de Huajuapan de Le\u00f3n, Oaxaca.- En el marco del d\u00eda internacional de las personas con discapacidad, en el auditorio de la casa de la cultura de Huajuapan de Le\u00f3n, fue presentada la conferencia denominada \u00abLa Resiliencia en las Personas con Discapacidad\u00ab, por el doctor Ren\u00e9 Gonz\u00e1lez Puerto. [&hellip;]<\/p>\n","protected":false},"author":1,"featured_media":1292,"comment_status":"closed","ping_status":"closed","sticky":false,"template":"","format":"standard","meta":{"_coblocks_attr":"","_coblocks_dimensions":"","_coblocks_responsive_height":"","_coblocks_accordion_ie_support":""},"categories":[7],"tags":[11,22],"_links":{"self":[{"href":"https:\/\/www.cucolosio.edu.mx\/blog\/wp-json\/wp\/v2\/posts\/1291"}],"collection":[{"href":"https:\/\/www.cucolosio.edu.mx\/blog\/wp-json\/wp\/v2\/posts"}],"about":[{"href":"https:\/\/www.cucolosio.edu.mx\/blog\/wp-json\/wp\/v2\/types\/post"}],"author":[{"embeddable":true,"href":"https:\/\/www.cucolosio.edu.mx\/blog\/wp-json\/wp\/v2\/users\/1"}],"replies":[{"embeddable":true,"href":"https:\/\/www.cucolosio.edu.mx\/blog\/wp-json\/wp\/v2\/comments?post=1291"}],"version-history":[{"count":0,"href":"https:\/\/www.cucolosio.edu.mx\/blog\/wp-json\/wp\/v2\/posts\/1291\/revisions"}],"wp:featuredmedia":[{"embeddable":true,"href":"https:\/\/www.cucolosio.edu.mx\/blog\/wp-json\/"}],"wp:attachment":[{"href":"https:\/\/www.cucolosio.edu.mx\/blog\/wp-json\/wp\/v2\/media?parent=1291"}],"wp:term":[{"taxonomy":"category","embeddable":true,"href":"https:\/\/www.cucolosio.edu.mx\/blog\/wp-json\/wp\/v2\/categories?post=1291"},{"taxonomy":"post_tag","embeddable":true,"href":"https:\/\/www.cucolosio.edu.mx\/blog\/wp-json\/wp\/v2\/tags?post=1291"}],"curies":[{"name":"wp","href":"https:\/\/api.w.org\/{rel}","templated":true}]}}