{"id":1071,"date":"2017-06-06T08:26:37","date_gmt":"2017-06-06T13:26:37","guid":{"rendered":"http:\/\/www.cucolosio.edu.mx\/?p=1071"},"modified":"2017-06-06T08:26:37","modified_gmt":"2017-06-06T13:26:37","slug":"asi-se-vivio-la-semana-universitaria-luis-donaldo-colosio-murrieta","status":"publish","type":"post","link":"https:\/\/www.cucolosio.edu.mx\/blog\/asi-se-vivio-la-semana-universitaria-luis-donaldo-colosio-murrieta\/","title":{"rendered":"As\u00ed se vivi\u00f3 la Semana Universitaria Luis Donaldo Colosio Murrieta"},"content":{"rendered":"<p><a href=\"http:\/\/www.cucolosio.edu.mx\/blog\/wp-content\/uploads\/2017\/06\/DCL-12-.jpg\"><img decoding=\"async\" loading=\"lazy\" class=\"aligncenter size-large wp-image-1147\" src=\"http:\/\/www.cucolosio.edu.mx\/blog\/wp-content\/uploads\/2017\/06\/DCL-12--1078x666.jpg\" alt=\"\" width=\"900\" height=\"556\" \/><\/a><br \/>\n<div class=\"symple-column symple-one-third symple-column-first  \">\n<p>&nbsp;<\/p>\n<p><strong>CU Colosio, La Junta. Mayo 2017.-<\/strong> Concluy\u00f3 con \u00e9xito la semana dedicada a los estudiantes del Centro Universitario \u201cLuis Donaldo Colosio Murrieta\u201d con una aportaci\u00f3n importante de conocimientos y experiencias a la comunidad estudiantil.<\/p>\n<p><a href=\"http:\/\/www.cucolosio.edu.mx\/blog\/wp-content\/uploads\/2017\/06\/FB_IMG_1496627972706-2.jpg\"><img loading=\"lazy\" class=\"wp-image-1124 alignleft\" src=\"http:\/\/www.cucolosio.edu.mx\/blog\/wp-content\/uploads\/2017\/06\/FB_IMG_1496627972706-2-340x340.jpg\" alt=\"\" width=\"236\" height=\"236\" \/><br \/>\n<\/a><\/p>\n<p>La Semana Universitaria que se inaugurara el 22 de Mayo, con un presidium integrado por la Direcci\u00f3n General de Prevenci\u00f3n del delito y participaci\u00f3n ciudadana, as\u00ed como la Polic\u00eda Federal, Subdelegaci\u00f3n Huajuapan y directivos del Centro Universitario, concluye sus ciclo de conferencias y talleres, que dejaron un intercambio de experiencias e informaci\u00f3n.<\/p>\n<p>&nbsp;<\/p>\n<p>Gracias a la iniciativa de los directivos de la Instituci\u00f3n: Dra. Mar\u00eda Teresa Ram\u00edrez Legaria, Directora General y el Ing. Carlos Jes\u00fas Ram\u00edrez Ochoa, apoderado legal, se realizaron una serie de actividades con personalidades importantes de la abogac\u00eda, psicolog\u00eda, comunicaci\u00f3n, dise\u00f1o, contadur\u00eda y arqueolog\u00eda; con la finalidad de festejar a cada licenciatura, que oferta la Instituci\u00f3n, en su d\u00eda.<\/p>\n<hr class=\"symple-divider dashed \" style=\"margin-top: 20px;margin-bottom: 20px;\" \/><div class=\"symple-column symple-one-half symple-column-middle  \"><\/div><\/div>\n<p>&nbsp;<\/p>\n<p>&nbsp;<\/p>\n<p>El d\u00eda dedicado a la Preparatoria \u201cLuis Donaldo Colosio Murrieta\u201d, tuvo la participaci\u00f3n de la Direcci\u00f3n General de Prevenci\u00f3n del delito y participaci\u00f3n ciudadana, con temas actuales y de inter\u00e9s, como \u201cTrata de personas\u201d, \u201cAcoso Escolar\u201d, \u201cDelitos cibern\u00e9ticos\u201d entre otros temas.<\/p>\n<p>&nbsp;<\/p>\n<p>La fecha designada para Mercadotecnia cont\u00f3 con conferencistas de la rama del comunicaci\u00f3n gr\u00e1fica, mercadotecnia, desarrollo de productos, fotograf\u00eda y radio, con temas como \u201cLo sensorial en el dise\u00f1o visual\u201d, \u201cLos productos ind\u00edgenas y su comercializaci\u00f3n\u201d, \u201cComo hablar de marketing con los peque\u00f1os negocios\u201d, adem\u00e1s de talleres.<\/p>\n<p><a href=\"http:\/\/www.cucolosio.edu.mx\/blog\/wp-content\/uploads\/2017\/06\/IMG-20170530-WA0001-1-e1496714211591.jpg\"><img decoding=\"async\" loading=\"lazy\" class=\"wp-image-1123 size-medium alignleft\" src=\"http:\/\/www.cucolosio.edu.mx\/blog\/wp-content\/uploads\/2017\/06\/IMG-20170530-WA0001-1-e1496714211591-340x202.jpg\" alt=\"\" width=\"340\" height=\"202\" \/><\/a><\/p>\n<p>Contadur\u00eda festejo su d\u00eda con conferencias relacionadas a los \u201cProcesos contables y n\u00f3minas m\u00e1s eficientes\u201d, \u201cCajas de Ahorro y pr\u00e9stamo popular\u201d,\u201cDerecho Fiscal\u201d as\u00ed como un taller de \u201cRisoterapia\u201d. Se culmin\u00f3 con el festejo de la Licenciatura en Orientaci\u00f3n Social y Educativa, que tuvo importantes conferencistas expertos en psicolog\u00eda. As\u00ed, se presentaron temas como \u201cSalud mental del Orientador\u201d, \u00abInteligencia emocional\u201d y \u201cTaller de emociones\u201d.<\/p>\n<p><a href=\"http:\/\/www.cucolosio.edu.mx\/blog\/wp-content\/uploads\/2017\/06\/IMG_20170526_152002-1-e1496714249657.jpg\"><img decoding=\"async\" loading=\"lazy\" class=\"alignleft wp-image-1120 \" src=\"http:\/\/www.cucolosio.edu.mx\/blog\/wp-content\/uploads\/2017\/06\/IMG_20170526_152002-1-e1496714249657-340x240.jpg\" alt=\"\" width=\"254\" height=\"179\" \/><\/a><\/p>\n<p><a href=\"http:\/\/www.cucolosio.edu.mx\/blog\/wp-content\/uploads\/2017\/06\/IMG_20170526_133834-1-e1496714730554.jpg\"><img decoding=\"async\" loading=\"lazy\" class=\"alignleft wp-image-1119 \" src=\"http:\/\/www.cucolosio.edu.mx\/blog\/wp-content\/uploads\/2017\/06\/IMG_20170526_133834-1-e1496715835843-340x202.jpg\" alt=\"\" width=\"242\" height=\"144\" \/><\/a>Tambi\u00e9n, gracias a la iniciativa del apoderado legal Ram\u00edrez Ochoa, la comunidad estudiantil Colosio tuvo la oportunidad de presenciar la conferencia y presentaci\u00f3n del libro \u201cCaciques y cacicazgos de la Mixteca Baja\u201d del arque\u00f3logo Enrique M\u00e9ndez con una respuesta entusiasta de parte de los universitarios de esta Instituci\u00f3n.<\/p>\n<p>&nbsp;<\/p>\n<p>Tanto los asistentes como los conferencistas resaltaron la importancia de este evento y agradecieron a la Instituci\u00f3n, su participaci\u00f3n. As\u00ed mismo, la Directora Ram\u00edrez Legaria, agradeci\u00f3 a cada uno de ellos por la oportunidad que le brindaron al Centro Universitario de ser part\u00edcipes en \u00e9sta primera Semana Universitaria, que se pretende realizar anualmente.<\/p>\n<div class=\"symple-column symple-one-third symple-column-middle  \">.<\/div>\n","protected":false},"excerpt":{"rendered":"<p>&nbsp; &nbsp; El d\u00eda dedicado a la Preparatoria \u201cLuis Donaldo Colosio Murrieta\u201d, tuvo la participaci\u00f3n de la Direcci\u00f3n General de Prevenci\u00f3n del delito y participaci\u00f3n ciudadana, con temas actuales y de inter\u00e9s, como \u201cTrata de personas\u201d, \u201cAcoso Escolar\u201d, \u201cDelitos cibern\u00e9ticos\u201d entre otros temas. &nbsp; La fecha designada para Mercadotecnia cont\u00f3 con conferencistas de la rama [&hellip;]<\/p>\n","protected":false},"author":1,"featured_media":1147,"comment_status":"closed","ping_status":"closed","sticky":false,"template":"","format":"standard","meta":{"_coblocks_attr":"","_coblocks_dimensions":"","_coblocks_responsive_height":"","_coblocks_accordion_ie_support":""},"categories":[5,7],"tags":[],"_links":{"self":[{"href":"https:\/\/www.cucolosio.edu.mx\/blog\/wp-json\/wp\/v2\/posts\/1071"}],"collection":[{"href":"https:\/\/www.cucolosio.edu.mx\/blog\/wp-json\/wp\/v2\/posts"}],"about":[{"href":"https:\/\/www.cucolosio.edu.mx\/blog\/wp-json\/wp\/v2\/types\/post"}],"author":[{"embeddable":true,"href":"https:\/\/www.cucolosio.edu.mx\/blog\/wp-json\/wp\/v2\/users\/1"}],"replies":[{"embeddable":true,"href":"https:\/\/www.cucolosio.edu.mx\/blog\/wp-json\/wp\/v2\/comments?post=1071"}],"version-history":[{"count":0,"href":"https:\/\/www.cucolosio.edu.mx\/blog\/wp-json\/wp\/v2\/posts\/1071\/revisions"}],"wp:featuredmedia":[{"embeddable":true,"href":"https:\/\/www.cucolosio.edu.mx\/blog\/wp-json\/"}],"wp:attachment":[{"href":"https:\/\/www.cucolosio.edu.mx\/blog\/wp-json\/wp\/v2\/media?parent=1071"}],"wp:term":[{"taxonomy":"category","embeddable":true,"href":"https:\/\/www.cucolosio.edu.mx\/blog\/wp-json\/wp\/v2\/categories?post=1071"},{"taxonomy":"post_tag","embeddable":true,"href":"https:\/\/www.cucolosio.edu.mx\/blog\/wp-json\/wp\/v2\/tags?post=1071"}],"curies":[{"name":"wp","href":"https:\/\/api.w.org\/{rel}","templated":true}]}}